{"id":4526,"date":"2017-06-16T14:07:43","date_gmt":"2017-06-16T14:07:43","guid":{"rendered":"https:\/\/www.bilaketa.es\/?p=4526\/"},"modified":"2017-06-16T14:09:39","modified_gmt":"2017-06-16T14:09:39","slug":"nueva-convocatoria-becas-artisticas-francisco-javier-oyarzun","status":"publish","type":"post","link":"https:\/\/www.bilaketa.es\/eu\/nueva-convocatoria-becas-artisticas-francisco-javier-oyarzun\/","title":{"rendered":"Nueva convocatoria Becas Art\u00edsticas Francisco Javier Oyarzun"},"content":{"rendered":"<div id=\"attachment_3839\" style=\"width: 1034px\" class=\"wp-caption aligncenter\"><img loading=\"lazy\" decoding=\"async\" aria-describedby=\"caption-attachment-3839\" class=\"wp-image-3839 size-large\" src=\"https:\/\/www.bilaketa.es\/wp-content\/uploads\/2017\/05\/BANDA_DE_MUSICA_DE_AOIZ_EN_MADRID_1-1024x682.jpg\" alt=\"Madrid, 20-6-2009. La Banda de M\u00fasica Mariano Garc\u00eda de Aoiz, con su director Emilio Est\u00e9vez al frente, poco antes de comenzar su actuaci\u00f3n el s\u00e1bado 20 de junio en el Parque del Retiro de Madrid.\" width=\"1024\" height=\"682\" srcset=\"https:\/\/www.bilaketa.es\/wp-content\/uploads\/2017\/05\/BANDA_DE_MUSICA_DE_AOIZ_EN_MADRID_1-1024x682.jpg 1024w, https:\/\/www.bilaketa.es\/wp-content\/uploads\/2017\/05\/BANDA_DE_MUSICA_DE_AOIZ_EN_MADRID_1-400x266.jpg 400w, https:\/\/www.bilaketa.es\/wp-content\/uploads\/2017\/05\/BANDA_DE_MUSICA_DE_AOIZ_EN_MADRID_1-300x200.jpg 300w, https:\/\/www.bilaketa.es\/wp-content\/uploads\/2017\/05\/BANDA_DE_MUSICA_DE_AOIZ_EN_MADRID_1-768x511.jpg 768w, https:\/\/www.bilaketa.es\/wp-content\/uploads\/2017\/05\/BANDA_DE_MUSICA_DE_AOIZ_EN_MADRID_1-500x333.jpg 500w, https:\/\/www.bilaketa.es\/wp-content\/uploads\/2017\/05\/BANDA_DE_MUSICA_DE_AOIZ_EN_MADRID_1-100x67.jpg 100w, https:\/\/www.bilaketa.es\/wp-content\/uploads\/2017\/05\/BANDA_DE_MUSICA_DE_AOIZ_EN_MADRID_1-1184x788.jpg 1184w\" sizes=\"(max-width: 1024px) 100vw, 1024px\" \/><p id=\"caption-attachment-3839\" class=\"wp-caption-text\">Madrid, 20-6-2009. La Banda de M\u00fasica Mariano Garc\u00eda de Aoiz, con su director Emilio Est\u00e9vez al frente, poco antes de comenzar su actuaci\u00f3n el s\u00e1bado 20 de junio en el Parque del Retiro de Madrid.<\/p><\/div>\n<p>&nbsp;<\/p>\n<p>La Comisi\u00f3n de las Artes, la Cultura y el Deporte de Bilaketa pone en marcha la III Edici\u00f3n de las Becas Francisco Javier Oyarzun 2012, con car\u00b7cter voluntario, con la convicci\u00f3n de que invertir en educaci\u00f3n es uno de los fundamentos principales para alcanzar los niveles m\u00e1s altos de progreso y bienestar sociales. A trav\u00e9s de estas becas se busca fomentar la excelencia, incentivar a los j\u00f3venes con m\u00e1s talento de Navarra y hacerles conscientes de que ese talento implica una gran responsabilidad, pues aprovechando todos los aspectos de su formaci\u00f3n podr\u00e1n contribuir a la transformaci\u00f3n de la sociedad de manera positiva.<\/p>\n<p>El programa de becas, en este sentido, se propone contribuir a formar los mejores profesionales en el \u00e1rea de las ense\u00f1anzas art\u00edsticas para que, as\u00ed, resulte beneficiada la sociedad en su conjunto. Por tanto, el prop\u00f3sito del programa de becas es fomentar la movilidad y facilitar al beneficiario una ayuda suficiente que permita que los mejores estudiantes no tengan impedimentos econ\u00f3micos para acceder, a su vez, a los mejores centros de ense\u00f1anzas art\u00edsticas.Las becas est\u00e1n destinadas a la realizaci\u00f3n de estudios de Ense\u00f1anzas Art\u00edsticas (Grado Medio, Superior y de especializaci\u00f3n de M\u00fasica y\/o Danza, Arte Dram\u00e1tico, Conservaci\u00f3n del Patrimonio y Restauraci\u00f3n de Bienes Culturales, Artes Pl\u00e1sticas y Visuales, Museolog\u00eda, Cine\/TV., Fotograf\u00eda e Imagen, Dise\u00f1o gr\u00e1fico y Web y Gesti\u00f3n Cultural), realizados en centros p\u00fablicos o privados (\u00c8stos \u00faltimos deber\u00e1n ser reconocidos y\/o autorizados por el Ministerio de Educaci\u00f3n o la correspondiente Comunidad Aut\u00f3noma).<\/p>\n<p>REQUISITOS:<\/p>\n<ol>\n<li>Pueden optar a estas becas los j\u00f3venes que residan en territorio de la Comunidad Foral de Navarra y acrediten el domicilio fiscal y la vecindad administrativa en cualquier municipio de la misma durante, al menos, los tres a\u00f1os anteriores a la fecha de publicaci\u00f3n de esta convocatoria.<\/li>\n<li>La Comisi\u00f3n de las Artes, la Cultura y el Deporte se reserva el derecho de suspender temporal o definitivamente la convocatoria de este tipo de Becas, as\u00ed como de declararla total o parcialmente desierta en cada curso acad\u00e9mico.<\/li>\n<li>La concesi\u00f3n de las becas est\u00e1 limitada por el cr\u00e9dito presupuestario anual destinado a tal fin, de tal forma que si no existiese suficiente cr\u00e9dito para abonar todas las becas susceptibles de concesi\u00f3n, se abonar\u00e1n por orden de menor a mayor renta familiar disponible per c\u00e1pita hasta que se agote el mismo.<\/li>\n<li>Las solicitudes que no se puedan abonar por falta de cr\u00e9dito presupuestario se entender\u00e1n denegadas.<\/li>\n<li>Los solicitantes beneficiarios de las becas de los estudios anteriormente referidos ser\u00e1n los estudiantes comprendidos entre los 12 y los 30 a\u00f1os.<\/li>\n<li>Las becas que se convocan tendr\u00e1n por objeto ayudar a los estudiantes que lo precisen a sufragar total o parcialmente los gastos que supone la realizaci\u00f3n de dichos estudios. Los conceptos para los que se pueden solicitar estas becas son los siguientes:\n<ol>\n<li>Ense\u00f1anza o Matr\u00edcula: cubre el importe total o parcial de los derechos de matr\u00edcula.<\/li>\n<li>Transporte interurbano: siempre y cuando el transporte no se encuentre subvencionado y la distancia entre localidades sea superior a 5 Km.<\/li>\n<li>Comedor: siempre que el estudiante, debido al horario escolar, precise comer dos o m\u00e1s d\u00edas a la semana fuera de casa y la localidad del centro de estudios se encuentre a una distancia superior a 5 Km. de la localidad del domicilio familiar.<\/li>\n<li>Libros y material escolar.<\/li>\n<li>Residencia: ayuda al estudiante en logastos de alojamiento y manutenci\u00f3n.<\/li>\n<\/ol>\n<\/li>\n<\/ol>\n<p>&nbsp;<\/p>\n<p>CUANT\u00cdA DE LAS BECAS:<\/p>\n<ol>\n<li>Ayuda a la ense\u00f1anza: ser\u00e1 la que se fije para los precios p\u00fablicos por servicios acad\u00e9micos para dicho curso. Para universidades privadas no exceder\u00e1 los precios de la misma titulaci\u00f3n en un centro p\u00fablico.<\/li>\n<li>Ayuda de transporte: De 5 a 30 km.: 300 euros ; de 31 a 50 km.: 500 euros y de 51 a 120 km.: 1.000 euros.<\/li>\n<li>Ayuda de comedor: 700 euros.<\/li>\n<li>Ayuda para libros y material escolar: 300 euros.<\/li>\n<li>Ayuda de movilidad con residencia: 5.500 euros (Becas para los que cursan estudios fuera de la Comunidad Foral, por no existir dichos estudios en la misma).<\/li>\n<\/ol>\n<p>La ayuda por el concepto de Residencia es incompatible con las de transporte y comedor.<\/p>\n<p>Plazo de presentaci\u00f3n de solicitudes:\u00a0 El plazo de presentaci\u00f3n de solicitud de beca para el curso escolar 2010\/2011 finaliza a las 14 horas del d\u00eda 20 de abril de 2012. Los impresos se entregar\u00e1n o enviar\u00e1n por correo a: Bilaketa (C\/ Francisco Yndur\u00b7in, 12 31430 AOIZ (Navarra).<\/p>\n<p>Informaci\u00f3n: Bilaketa, C\/ Francisco Yndur\u00e1in, 12\u00a0\u00a0\u00a0\u00a0\u00a0 Email: info@bilaketa.com\u00a0\u00a0\u00a0\u00a0 Web: www.bilaketa.es<\/p>\n<p>ENTREGA DE LAS BECAS: 23 de junio a las 13 horas en la Casa de Cultura de Aoiz.<\/p>\n","protected":false},"excerpt":{"rendered":"<p>&nbsp; La Comisi\u00f3n de las Artes, la Cultura y el Deporte de Bilaketa pone en marcha la III Edici\u00f3n de las Becas Francisco Javier Oyarzun 2012, con car\u00b7cter voluntario, con la convicci\u00f3n de que invertir en educaci\u00f3n es uno de los fundamentos principales para alcanzar los niveles m\u00e1s altos de progreso y bienestar sociales. A trav\u00e9s de estas becas se &#8230;<\/p>\n","protected":false},"author":2,"featured_media":3839,"comment_status":"closed","ping_status":"closed","sticky":false,"template":"","format":"standard","meta":{"ngg_post_thumbnail":0,"footnotes":""},"categories":[70],"tags":[],"class_list":["post-4526","post","type-post","status-publish","format-standard","has-post-thumbnail","hentry","category-villa-albisteak"],"_links":{"self":[{"href":"https:\/\/www.bilaketa.es\/eu\/wp-json\/wp\/v2\/posts\/4526"}],"collection":[{"href":"https:\/\/www.bilaketa.es\/eu\/wp-json\/wp\/v2\/posts"}],"about":[{"href":"https:\/\/www.bilaketa.es\/eu\/wp-json\/wp\/v2\/types\/post"}],"author":[{"embeddable":true,"href":"https:\/\/www.bilaketa.es\/eu\/wp-json\/wp\/v2\/users\/2"}],"replies":[{"embeddable":true,"href":"https:\/\/www.bilaketa.es\/eu\/wp-json\/wp\/v2\/comments?post=4526"}],"version-history":[{"count":1,"href":"https:\/\/www.bilaketa.es\/eu\/wp-json\/wp\/v2\/posts\/4526\/revisions"}],"predecessor-version":[{"id":4530,"href":"https:\/\/www.bilaketa.es\/eu\/wp-json\/wp\/v2\/posts\/4526\/revisions\/4530"}],"wp:featuredmedia":[{"embeddable":true,"href":"https:\/\/www.bilaketa.es\/eu\/wp-json\/wp\/v2\/media\/3839"}],"wp:attachment":[{"href":"https:\/\/www.bilaketa.es\/eu\/wp-json\/wp\/v2\/media?parent=4526"}],"wp:term":[{"taxonomy":"category","embeddable":true,"href":"https:\/\/www.bilaketa.es\/eu\/wp-json\/wp\/v2\/categories?post=4526"},{"taxonomy":"post_tag","embeddable":true,"href":"https:\/\/www.bilaketa.es\/eu\/wp-json\/wp\/v2\/tags?post=4526"}],"curies":[{"name":"wp","href":"https:\/\/api.w.org\/{rel}","templated":true}]}}